{"id":2789,"date":"2017-04-19T14:53:27","date_gmt":"2017-04-19T14:53:27","guid":{"rendered":"http:\/\/wp-academie.azurewebsites.net\/omagiu-marelui-domnitor-890\/"},"modified":"2017-04-19T14:53:27","modified_gmt":"2017-04-19T14:53:27","slug":"omagiu-marelui-domnitor-890","status":"publish","type":"post","link":"https:\/\/www.academy.police.md\/gb\/omagiu-marelui-domnitor-890","title":{"rendered":"Omagiu marelui Domnitor"},"content":{"rendered":"<div style=\"text-indent: 36pt; text-align: justify;\">La 11 aprilie 2017, elevi din mai multe licee din municipiul Chi\u015fin\u0103u au vizitat Academia \u201e\u015etefan cel Mare\u201d. Ac\u0163iunea a avut loc cu prilejul a 560 de ani de la \u00eensc\u0103unarea lui \u015etefan cel Mare. \u00centrunirea s-a desf\u0103\u015furat sub form\u0103 de excursie care a inclus mai multe obiective. Angaja\u0163ii institu\u0163iei implica\u0163i \u00een organizarea evenimentului au vorbit tinerilor despre importan\u0163a Marelui Domnitor pentru istoria \u0163\u0103rii noastre, au relatat din biografia sa bogat\u0103 \u00een fapte \u015fi rolul Domniei sale \u00een instruirea genera\u0163iilor de ap\u0103r\u0103tori ai ordinii de drept.<\/div>\n<div style=\"text-indent: 36pt; text-align: justify;\">Vizitatorii s-au convins c\u0103 figura Patronului institu\u0163iei este prezent\u0103 pretutindeni: \u00een spa\u0163iile \u015fi auditoriile acesteia sub form\u0103 de monumente, basoreliefuri, picturi, dar mai ales \u00een calitate de distinc\u0163ie militar\u0103 suprem\u0103 &#8211; Ordinul \u201e\u015etefan cel Mare\u201d, cu care este decorat\u0103 Academia.<\/div>\n<div style=\"text-indent: 36pt; text-align: justify;\">Elevii au fost impresiona\u0163i \u015fi curio\u015fi s\u0103 cunoasc\u0103 meritele celui care a fost numit \u201eatletul lui Christ\u201d, noi informa\u0163ii despre campaniile militare, l\u0103ca\u015fele sfinte pe care le-a ctitorit etc.<\/div>\n<div style=\"text-indent: 36pt; text-align: justify;\">Pentru faptele sale m\u0103re\u0163e ce au dat str\u0103lucire epocii, ecoul c\u0103reia se face sim\u0163it p\u00e2n\u0103 \u00een zilele noastre, Domnitorul a fost canonizat de c\u0103tre Biserica Ortodox\u0103 Rom\u00e2n\u0103, cu numele de \u015etefan cel Mare \u015fi Sf\u00e2nt la 20 iunie 1992.<\/div>\n<div style=\"text-align: center;\"><a href=\"http:\/\/academy.police.md\/assets\/images\/pict\/2017\/120417-1.jpg\"><img loading=\"lazy\" src=\"http:\/\/academy.police.md\/assets\/images\/pict\/2017\/120417-1.jpg\" alt=\"\" width=\"290\" height=\"193\" \/><\/a> <a href=\"http:\/\/academy.police.md\/assets\/images\/pict\/2017\/120417-2.jpg\"><img loading=\"lazy\" src=\"http:\/\/academy.police.md\/assets\/images\/pict\/2017\/120417-2.jpg\" alt=\"\" width=\"290\" height=\"193\" \/><\/a><\/div>\n<div style=\"text-align: center;\"><a href=\"http:\/\/academy.police.md\/assets\/images\/pict\/2017\/120417-3.jpg\"><img loading=\"lazy\" src=\"http:\/\/academy.police.md\/assets\/images\/pict\/2017\/120417-3.jpg\" alt=\"\" width=\"290\" height=\"193\" \/><\/a> <a href=\"http:\/\/academy.police.md\/assets\/images\/pict\/2017\/120417-4.jpg\"><img loading=\"lazy\" src=\"http:\/\/academy.police.md\/assets\/images\/pict\/2017\/120417-4.jpg\" alt=\"\" width=\"290\" height=\"193\" \/><\/a><\/div>\n<div style=\"text-align: center;\"><a href=\"http:\/\/academy.police.md\/assets\/images\/pict\/2017\/120417-5.jpg\"><img loading=\"lazy\" src=\"http:\/\/academy.police.md\/assets\/images\/pict\/2017\/120417-5.jpg\" alt=\"\" width=\"290\" height=\"193\" \/><\/a> <a href=\"http:\/\/academy.police.md\/assets\/images\/pict\/2017\/120417-6.jpg\"><img loading=\"lazy\" src=\"http:\/\/academy.police.md\/assets\/images\/pict\/2017\/120417-6.jpg\" alt=\"\" width=\"290\" height=\"193\" \/><\/a><\/div>\n","protected":false},"excerpt":{"rendered":"<p>La 11 aprilie 2017, elevi din mai multe licee din municipiul Chi\u015fin\u0103u au vizitat Academia \u201e\u015etefan cel Mare\u201d. Ac\u0163iunea a avut loc cu prilejul a 560 de ani de la \u00eensc\u0103unarea lui \u015etefan cel Mare.<\/p>\n","protected":false},"author":5,"featured_media":0,"comment_status":"","ping_status":"open","sticky":false,"template":"","format":"standard","meta":[],"categories":[4,1],"tags":[],"translation":{"provider":"WPGlobus","version":"2.12.2","language":"gb","enabled_languages":["ro","gb"],"languages":{"ro":{"title":true,"content":true,"excerpt":true},"gb":{"title":false,"content":false,"excerpt":false}}},"acf":[],"_links":{"self":[{"href":"https:\/\/www.academy.police.md\/gb\/wp-json\/wp\/v2\/posts\/2789"}],"collection":[{"href":"https:\/\/www.academy.police.md\/gb\/wp-json\/wp\/v2\/posts"}],"about":[{"href":"https:\/\/www.academy.police.md\/gb\/wp-json\/wp\/v2\/types\/post"}],"author":[{"embeddable":true,"href":"https:\/\/www.academy.police.md\/gb\/wp-json\/wp\/v2\/users\/5"}],"replies":[{"embeddable":true,"href":"https:\/\/www.academy.police.md\/gb\/wp-json\/wp\/v2\/comments?post=2789"}],"version-history":[{"count":0,"href":"https:\/\/www.academy.police.md\/gb\/wp-json\/wp\/v2\/posts\/2789\/revisions"}],"wp:attachment":[{"href":"https:\/\/www.academy.police.md\/gb\/wp-json\/wp\/v2\/media?parent=2789"}],"wp:term":[{"taxonomy":"category","embeddable":true,"href":"https:\/\/www.academy.police.md\/gb\/wp-json\/wp\/v2\/categories?post=2789"},{"taxonomy":"post_tag","embeddable":true,"href":"https:\/\/www.academy.police.md\/gb\/wp-json\/wp\/v2\/tags?post=2789"}],"curies":[{"name":"wp","href":"https:\/\/api.w.org\/{rel}","templated":true}]}}