{"id":9017,"date":"2022-11-10T11:33:37","date_gmt":"2022-11-10T08:33:37","guid":{"rendered":"https:\/\/www.academy.police.md\/?p=9017"},"modified":"2022-11-10T11:33:39","modified_gmt":"2022-11-10T08:33:39","slug":"ziua-internationala-a-stiintei-pentru-pace-si-dezvoltare-2","status":"publish","type":"post","link":"https:\/\/www.academy.police.md\/gb\/ziua-internationala-a-stiintei-pentru-pace-si-dezvoltare-2","title":{"rendered":"Ziua Interna\u0163ional\u0103 a \u0218tiin\u021bei pentru Pace \u0219i Dezvoltare"},"content":{"rendered":"\n<p>Comunitatea \u0219tiin\u021bific\u0103 din Republica Moldova s\u0103rb\u0103tore\u0219te anual, pe 10 noiembrie, Ziua \u0218tiin\u021bei. \u00cen Republica Moldova, aceast\u0103 s\u0103rb\u0103toare este consemnat\u0103 \u00een contextul Zilei Interna\u021bionale a \u0218tiin\u021bei pentru Pace \u0219i Dezvoltare, proclamat\u0103 de UNESCO la data de 2 noiembrie 2001.<\/p>\n\n\n\n<p>Marcarea acestei zile ofer\u0103 spa\u0163iu mobiliz\u0103rii tuturor factorilor interesa\u021bi \u2013 de la oficiali guvernamentali, p\u00e2n\u0103 la media \u0219i la elevi \u2013 \u00een jurul temei \u201e\u015etiin\u021b\u0103 pentru pace \u0219i dezvoltare\u201d.<\/p>\n\n\n\n<p>\u00cen acest context, Departamentul informa\u0163ional biblioteconomic al Academiei \u201e\u015etefan cel Mare\u201d a MAI \u00een colaborare cu Departamentul \u015ftiin\u0163\u0103 al institu\u0163iei, au organizat o expozi\u0163ie dedicat\u0103 Zilei Interna\u0163ionale a \u015etiin\u0163ei pentru Pace \u015fi Dezvoltare. \u015etiin\u0163ele juridice \u00een serviciul libert\u0103\u0163ii, democra\u0163iei \u015fi dezvolt\u0103rii este axa de con\u0163inut al acestui eveniment. Expozi\u0163ia cuprinde multiple lucr\u0103ri: monografii, manuale, articole \u015ftiin\u0163ifice, documente \u015fi publica\u0163ii din colec\u0163iile proprii, lucr\u0103ri ale corpului \u015ftiin\u0163ifico-didactic care pun \u00een valoare produsul \u015ftiin\u0163ific al institu\u0163iei \u015fi contribu\u0163ia la dezvoltarea \u015ftiin\u0163elor juridice autohtone.<\/p>\n\n\n\n<p>Expozi\u0163ia va fi deschis\u0103 publicului p\u00e2n\u0103 la 30.11.2022.<\/p>\n\n\n\n<figure class=\"wp-block-gallery columns-3 is-cropped\"><ul class=\"blocks-gallery-grid\"><li class=\"blocks-gallery-item\"><figure><img loading=\"lazy\" width=\"1024\" height=\"683\" src=\"\/wp-content\/uploads\/2022\/11\/1-4-1024x683.jpg\" alt=\"\" data-id=\"9019\" data-full-url=\"\/wp-content\/uploads\/2022\/11\/1-4.jpg\" data-link=\"https:\/\/www.academy.police.md\/?attachment_id=9019\" class=\"wp-image-9019\" srcset=\"\/wp-content\/uploads\/2022\/11\/1-4-1024x683.jpg 1024w, \/wp-content\/uploads\/2022\/11\/1-4-300x200.jpg 300w, \/wp-content\/uploads\/2022\/11\/1-4-768x512.jpg 768w, \/wp-content\/uploads\/2022\/11\/1-4.jpg 1500w\" sizes=\"(max-width: 1024px) 100vw, 1024px\" \/><\/figure><\/li><li class=\"blocks-gallery-item\"><figure><img loading=\"lazy\" width=\"1024\" height=\"683\" src=\"\/wp-content\/uploads\/2022\/11\/2-3-1024x683.jpg\" alt=\"\" data-id=\"9020\" data-full-url=\"\/wp-content\/uploads\/2022\/11\/2-3.jpg\" data-link=\"https:\/\/www.academy.police.md\/?attachment_id=9020\" class=\"wp-image-9020\" srcset=\"\/wp-content\/uploads\/2022\/11\/2-3-1024x683.jpg 1024w, \/wp-content\/uploads\/2022\/11\/2-3-300x200.jpg 300w, \/wp-content\/uploads\/2022\/11\/2-3-768x512.jpg 768w, \/wp-content\/uploads\/2022\/11\/2-3.jpg 1500w\" sizes=\"(max-width: 1024px) 100vw, 1024px\" \/><\/figure><\/li><li class=\"blocks-gallery-item\"><figure><img loading=\"lazy\" width=\"1024\" height=\"683\" src=\"\/wp-content\/uploads\/2022\/11\/3-4-1024x683.jpg\" alt=\"\" data-id=\"9021\" data-full-url=\"\/wp-content\/uploads\/2022\/11\/3-4.jpg\" data-link=\"https:\/\/www.academy.police.md\/?attachment_id=9021\" class=\"wp-image-9021\" srcset=\"\/wp-content\/uploads\/2022\/11\/3-4-1024x683.jpg 1024w, \/wp-content\/uploads\/2022\/11\/3-4-300x200.jpg 300w, \/wp-content\/uploads\/2022\/11\/3-4-768x512.jpg 768w, \/wp-content\/uploads\/2022\/11\/3-4.jpg 1500w\" sizes=\"(max-width: 1024px) 100vw, 1024px\" \/><\/figure><\/li><li class=\"blocks-gallery-item\"><figure><img loading=\"lazy\" width=\"1024\" height=\"683\" src=\"\/wp-content\/uploads\/2022\/11\/4-3-1024x683.jpg\" alt=\"\" data-id=\"9022\" data-full-url=\"\/wp-content\/uploads\/2022\/11\/4-3.jpg\" data-link=\"https:\/\/www.academy.police.md\/?attachment_id=9022\" class=\"wp-image-9022\" srcset=\"\/wp-content\/uploads\/2022\/11\/4-3-1024x683.jpg 1024w, \/wp-content\/uploads\/2022\/11\/4-3-300x200.jpg 300w, \/wp-content\/uploads\/2022\/11\/4-3-768x512.jpg 768w, \/wp-content\/uploads\/2022\/11\/4-3.jpg 1500w\" sizes=\"(max-width: 1024px) 100vw, 1024px\" \/><\/figure><\/li><li class=\"blocks-gallery-item\"><figure><img loading=\"lazy\" width=\"1024\" height=\"683\" src=\"\/wp-content\/uploads\/2022\/11\/5-4-1024x683.jpg\" alt=\"\" data-id=\"9023\" data-full-url=\"\/wp-content\/uploads\/2022\/11\/5-4.jpg\" data-link=\"https:\/\/www.academy.police.md\/?attachment_id=9023\" class=\"wp-image-9023\" srcset=\"\/wp-content\/uploads\/2022\/11\/5-4-1024x683.jpg 1024w, \/wp-content\/uploads\/2022\/11\/5-4-300x200.jpg 300w, \/wp-content\/uploads\/2022\/11\/5-4-768x512.jpg 768w, \/wp-content\/uploads\/2022\/11\/5-4.jpg 1500w\" sizes=\"(max-width: 1024px) 100vw, 1024px\" \/><\/figure><\/li><li class=\"blocks-gallery-item\"><figure><img loading=\"lazy\" width=\"1024\" height=\"683\" src=\"\/wp-content\/uploads\/2022\/11\/6-2-1024x683.jpg\" alt=\"\" data-id=\"9024\" data-full-url=\"\/wp-content\/uploads\/2022\/11\/6-2.jpg\" data-link=\"https:\/\/www.academy.police.md\/?attachment_id=9024\" class=\"wp-image-9024\" srcset=\"\/wp-content\/uploads\/2022\/11\/6-2-1024x683.jpg 1024w, \/wp-content\/uploads\/2022\/11\/6-2-300x200.jpg 300w, \/wp-content\/uploads\/2022\/11\/6-2-768x512.jpg 768w, \/wp-content\/uploads\/2022\/11\/6-2.jpg 1500w\" sizes=\"(max-width: 1024px) 100vw, 1024px\" \/><\/figure><\/li><\/ul><\/figure>\n","protected":false},"excerpt":{"rendered":"<p>Comunitatea \u0219tiin\u021bific\u0103 din Republica Moldova s\u0103rb\u0103tore\u0219te anual, pe 10 noiembrie, Ziua \u0218tiin\u021bei. \u00cen Republica Moldova, aceast\u0103 s\u0103rb\u0103toare este consemnat\u0103 \u00een contextul Zilei Interna\u021bionale a \u0218tiin\u021bei pentru Pace \u0219i Dezvoltare, proclamat\u0103 [&hellip;]<\/p>\n","protected":false},"author":11,"featured_media":9018,"comment_status":"closed","ping_status":"open","sticky":false,"template":"","format":"standard","meta":[],"categories":[4],"tags":[],"translation":{"provider":"WPGlobus","version":"2.12.2","language":"gb","enabled_languages":["ro","gb"],"languages":{"ro":{"title":true,"content":true,"excerpt":false},"gb":{"title":false,"content":false,"excerpt":false}}},"acf":[],"_links":{"self":[{"href":"https:\/\/www.academy.police.md\/gb\/wp-json\/wp\/v2\/posts\/9017"}],"collection":[{"href":"https:\/\/www.academy.police.md\/gb\/wp-json\/wp\/v2\/posts"}],"about":[{"href":"https:\/\/www.academy.police.md\/gb\/wp-json\/wp\/v2\/types\/post"}],"author":[{"embeddable":true,"href":"https:\/\/www.academy.police.md\/gb\/wp-json\/wp\/v2\/users\/11"}],"replies":[{"embeddable":true,"href":"https:\/\/www.academy.police.md\/gb\/wp-json\/wp\/v2\/comments?post=9017"}],"version-history":[{"count":2,"href":"https:\/\/www.academy.police.md\/gb\/wp-json\/wp\/v2\/posts\/9017\/revisions"}],"predecessor-version":[{"id":9027,"href":"https:\/\/www.academy.police.md\/gb\/wp-json\/wp\/v2\/posts\/9017\/revisions\/9027"}],"wp:featuredmedia":[{"embeddable":true,"href":"https:\/\/www.academy.police.md\/gb\/wp-json\/wp\/v2\/media\/9018"}],"wp:attachment":[{"href":"https:\/\/www.academy.police.md\/gb\/wp-json\/wp\/v2\/media?parent=9017"}],"wp:term":[{"taxonomy":"category","embeddable":true,"href":"https:\/\/www.academy.police.md\/gb\/wp-json\/wp\/v2\/categories?post=9017"},{"taxonomy":"post_tag","embeddable":true,"href":"https:\/\/www.academy.police.md\/gb\/wp-json\/wp\/v2\/tags?post=9017"}],"curies":[{"name":"wp","href":"https:\/\/api.w.org\/{rel}","templated":true}]}}